
{"id":417,"date":"2015-05-26T09:00:55","date_gmt":"2015-05-26T08:00:55","guid":{"rendered":"http:\/\/www.stpaulsuryenne.fr\/wordpress\/?p=417"},"modified":"2016-10-23T13:31:31","modified_gmt":"2016-10-23T12:31:31","slug":"conseil-du-21-mai","status":"publish","type":"post","link":"https:\/\/www.stpaulsuryenne.fr\/wordpress\/2015\/05\/26\/conseil-du-21-mai\/","title":{"rendered":"Conseil du 21 mai"},"content":{"rendered":"<h5>COMPTE RENDU DU CONSEIL MUNICIPAL DU 21 MAI 2015 \u00e0 20 h 00<\/h5>\n<p>Pr\u00e9sents :<\/p>\n<h4>M<sup>r<\/sup> Pierre SULPICE, M<sup>r<\/sup> Matthieu CAILLARD, M<sup>me<\/sup> Maryline ROSSET, M<sup>r<\/sup> St\u00e9phane LOMBARD, M<sup>r<\/sup> Steve HOOGHE, M<sup>r<\/sup> Andr\u00e9 DUPERCHY, M<sup>r<\/sup> Laurent DEBAY, M<sup>r<\/sup> Rapha\u00ebl CHARDONNET, Mme Fr\u00e9d\u00e9rique GRUFFAT, M<sup>me<\/sup> Laurence BOIRON, M<sup>me<\/sup> Christiane PERRIAND, M<sup>me<\/sup> Sandrine CARLES, M<sup>r<\/sup> St\u00e9phane GAMES, M<sup>r<\/sup> St\u00e9phane MERLIER, M<sup>me<\/sup> Sabrina FEIGENBLUM.<\/h4>\n<p>Secr\u00e9taire de s\u00e9ance :<\/p>\n<h4>M<sup>me<\/sup> Fr\u00e9d\u00e9rique GRUFFAT.<\/h4>\n<p>Absent et excus\u00e9 :<\/p>\n<h4><\/h4>\n<p>Le conseil valide le compte rendu pr\u00e9c\u00e9dent.<\/p>\n<h1>I. R\u00e9flexion sur la r\u00e9vision du PLU<\/h1>\n<p>Suite \u00e0 la pr\u00e9sentation faite par les \u00e9quipes du syndicat mixte de l\u2019Avant pays savoyard sur la n\u00e9cessit\u00e9 de mettre en coh\u00e9rence le plan local d\u2019urbanisme de la commune avec le Scot de l\u2019avant pays savoyard. Le sch\u00e9ma de coh\u00e9rence territoriale, abr\u00e9g\u00e9 SCOT ou SCoT est un document d&rsquo;urbanisme qui d\u00e9termine, \u00e0 l\u2019\u00e9chelle de plusieurs communes ou groupements de communes, un projet de territoire visant \u00e0 mettre en coh\u00e9rence l&rsquo;ensemble des politiques sectorielles notamment en mati\u00e8re d&rsquo;urbanisme, d&rsquo;habitat, de d\u00e9placements et d&rsquo;\u00e9quipements commerciaux, dans un environnement pr\u00e9serv\u00e9 et valoris\u00e9. Il a \u00e9t\u00e9 instaur\u00e9 par la loi SRU du 13 d\u00e9cembre 2000. Le conseil municipal devra s\u2019interroger sur le lancement d\u2019une r\u00e9vision du PLU par le conseil ou l\u2019attente du PLU intercommunal \u00e0 compter de 2017.<\/p>\n<p>&nbsp;<\/p>\n<p>Le conseil d\u00e9cide de r\u00e9fl\u00e9chir et de prendre une d\u00e9cision avant la fin septembre 2015.<\/p>\n<h1>II. Voirie communale : fauchage et \u00e9lagage<\/h1>\n<p>Le conseil municipal, ne retenant pas, en 2015, le choix de l\u2019achat de mat\u00e9riel pour l\u2019\u00e9lagage et le fauchage des abords de la voirie, d\u00e9cide confier l\u2019entretien \u00e0 l\u2019entreprise BOURSIER de Entre deux Guiers. Le prix estim\u00e9 est fix\u00e9 \u00e0 85 euros le km soit environ 14 km pour 2015.<\/p>\n<p>Le conseil municipal pr\u00e9cise que l\u2019achat de mat\u00e9riel report\u00e9 sur 2016 devra faire l\u2019objet d\u2019une \u00e9tude et d\u2019\u00e9changes sur une \u00e9ventuelle mutualisation avec les autres communes environnantes, et faire l\u2019objet d\u2019une demande de subvention au titre du FDEC.<\/p>\n<h1>III. R\u00e9habilitation de la cure<\/h1>\n<h2>III.1 Lot \u00e9lectricit\u00e9<\/h2>\n<p>Suite \u00e0 la d\u00e9fection de l\u2019entreprise d\u2019\u00e9lectricit\u00e9 et au d\u00e9part en retraite de M. GACHE, deux lots (\u00e9lectricit\u00e9 et carrelage) ont fait l\u2019objet d\u2019un nouvel appel d\u2019offres. Apr\u00e8s ouverture des plis, sur proposition de la commission, le conseil autorise le maire \u00e0 signer le march\u00e9 avec l\u2019entreprise d\u2019Electricit\u00e9 G\u00e9n\u00e9rale Robert Courrier (SAS) lot St Alban Service, 73610 SAINT ALBAN DE MONTBEL pour un montant de 26 979.70 \u20ac H.T.<\/p>\n<h2>III.2 Avenant<\/h2>\n<p>Le conseil d\u00e9cide \u00e0 l\u2019unanimit\u00e9 d\u2019autoriser le maire \u00e0 signer l\u2019avenant de 350\u20ac avec l\u2019entreprise SOCOTEC pour un montant de 350 euros HT suite aux modifications demand\u00e9es par le conseil.<\/p>\n<h1>IV. Am\u00e9nagement du centre<\/h1>\n<h2>IV.1 Acquisition des parcelles B 278 ET B 267 de M. Gilles et Eug\u00e8ne DOGNIN<\/h2>\n<p>Le maire rappelle au conseil que la commune entend acqu\u00e9rir de M. Eug\u00e8ne DOGNIN (usufruitier) et M. Gilles DOGNIN (nu-propri\u00e9taire) des parties de parcelles situ\u00e9es \u00e0 Saint Paul sur Yenne, soit une surface totale de 422 m2 :<\/p>\n<ul>\n<li>217 m2 dans une parcelle d&rsquo;une plus grande contenance cadastr\u00e9e B 267 et,<\/li>\n<li>205 m2 dans une parcelle d&rsquo;une plus grande contenance cadastr\u00e9e B 278.<\/li>\n<\/ul>\n<p>Le terrain \u00e0 acqu\u00e9rir est valoris\u00e9 \u00e0 la somme de 50 \u20ac le m<sup>2<\/sup> soit une somme globale de 20.850,00 \u20ac. Le prix d&rsquo;acquisition est par cons\u00e9quent fix\u00e9 \u00e0 la somme de 20.850,00 \u20ac.<\/p>\n<p>Concernant les modalit\u00e9s de paiement du prix, il a \u00e9t\u00e9 convenu entre les parties ce qui suit :<\/p>\n<ul>\n<li>Le prix pay\u00e9 par la Commune se compose pour partie en une obligation de faire. L&rsquo;obligation de faire consiste \u00e0 viabiliser les terrains appartenant \u00e0 Monsieur Dognin. Cette viabilisation est aujourd&rsquo;hui estim\u00e9e \u00e0 la somme de 10.000,00 \u20ac.<\/li>\n<li>Les parties conviennent d&rsquo;un commun accord que si le co\u00fbt r\u00e9el de la viabilisation des terrains de Monsieur Dognin est sup\u00e9rieur \u00e0 la somme de 10.000,00 \u20ac, le prix pay\u00e9 sera diminu\u00e9 de l&rsquo;augmentation. A l&rsquo;inverse, si le cout r\u00e9el de ladite viabilisation est inf\u00e9rieur \u00e0 la somme de 10.000,00, le prix pay\u00e9 sera augment\u00e9 d&rsquo;autant.<\/li>\n<\/ul>\n<p>Le conseil municipal, apr\u00e8s avoir d\u00e9lib\u00e9r\u00e9, \u00e0 l&rsquo;unanimit\u00e9 :<\/p>\n<ul>\n<li>Autorise le maire \u00e0 acqu\u00e9rir les 422 m<sup>2<\/sup> de terrain tel que indiqu\u00e9 ci-dessus.<\/li>\n<li>Dit que les frais de bornage sont \u00e0 charge de la commune,<\/li>\n<li>Demande \u00e0 l&rsquo;\u00e9tude notariale (Ma\u00eetre Josserand Ma\u00eetre Marczewski) \u00e0 Yenne de r\u00e9diger l&rsquo;acte notari\u00e9.<\/li>\n<\/ul>\n<h1>V. Programme travaux ONF<\/h1>\n<h2>V.1 Programme travaux de l&rsquo;ann\u00e9e 2015<\/h2>\n<p>Le conseil d\u00e9cide de ne pas confier de travaux \u00e0 l&rsquo;ONF pour 2015 qui concerne l&rsquo;entretien des renvois d&rsquo;eau et l&rsquo;entretien des p\u00e9rim\u00e8tres. Ces travaux seront effectu\u00e9s par l&#8217;employ\u00e9 communal.<\/p>\n<h2>V.2 Am\u00e9nagement de la for\u00eat 2014-2033<\/h2>\n<p>Le conseil approuve le projet d&rsquo;am\u00e9nagement de la for\u00eat 2014 2033 et pr\u00e9cise que les travaux seront effectu\u00e9s en fonction des possibilit\u00e9s budg\u00e9taires de la collectivit\u00e9 et notamment la route foresti\u00e8re. Le conseil d\u00e9cide \u00e0 l&rsquo;unanimit\u00e9 de maintenir l&rsquo;accompagnement de l&rsquo;ONF pour les ventes de bois.<\/p>\n<h1>VI. Questions diverses<\/h1>\n<p>Le conseil d\u00e9cide \u00e0 l&rsquo;unanimit\u00e9 d&rsquo;arr\u00eater l&rsquo;abonnement aux maires des pays de Savoie.<\/p>\n<p>Le conseil renouvelle l&rsquo;adh\u00e9sion au CAUE (conseil d&rsquo;architecture, d&rsquo;urbanisme et de l&rsquo;environnement de la Savoie) pour l&rsquo;ann\u00e9e 2015,80\u20ac. Le conseil autorise \u00e0 13 voix pour et 1 contre le maire \u00e0 signer la convention.<\/p>\n<p>&nbsp;<\/p>\n","protected":false},"excerpt":{"rendered":"<p>COMPTE RENDU DU CONSEIL MUNICIPAL DU 21 MAI 2015 \u00e0 20 h 00 Pr\u00e9sents : Mr Pierre SULPICE, Mr Matthieu CAILLARD, Mme Maryline ROSSET, Mr St\u00e9phane LOMBARD, Mr Steve HOOGHE, Mr Andr\u00e9 DUPERCHY, Mr Laurent DEBAY, Mr Rapha\u00ebl CHARDONNET, Mme Fr\u00e9d\u00e9rique GRUFFAT, Mme Laurence BOIRON, Mme Christiane PERRIAND, Mme Sandrine CARLES, Mr St\u00e9phane GAMES, Mr &hellip; <a href=\"https:\/\/www.stpaulsuryenne.fr\/wordpress\/2015\/05\/26\/conseil-du-21-mai\/\" class=\"more-link\">Continuer la lecture de <span class=\"screen-reader-text\">Conseil du 21 mai<\/span> <span class=\"meta-nav\">&rarr;<\/span><\/a><\/p>\n","protected":false},"author":1,"featured_media":0,"comment_status":"closed","ping_status":"open","sticky":false,"template":"","format":"aside","meta":{"ngg_post_thumbnail":0,"footnotes":""},"categories":[9],"tags":[],"class_list":["post-417","post","type-post","status-publish","format-aside","hentry","category-annee-2015","post_format-post-format-aside"],"_links":{"self":[{"href":"https:\/\/www.stpaulsuryenne.fr\/wordpress\/wp-json\/wp\/v2\/posts\/417","targetHints":{"allow":["GET"]}}],"collection":[{"href":"https:\/\/www.stpaulsuryenne.fr\/wordpress\/wp-json\/wp\/v2\/posts"}],"about":[{"href":"https:\/\/www.stpaulsuryenne.fr\/wordpress\/wp-json\/wp\/v2\/types\/post"}],"author":[{"embeddable":true,"href":"https:\/\/www.stpaulsuryenne.fr\/wordpress\/wp-json\/wp\/v2\/users\/1"}],"replies":[{"embeddable":true,"href":"https:\/\/www.stpaulsuryenne.fr\/wordpress\/wp-json\/wp\/v2\/comments?post=417"}],"version-history":[{"count":4,"href":"https:\/\/www.stpaulsuryenne.fr\/wordpress\/wp-json\/wp\/v2\/posts\/417\/revisions"}],"predecessor-version":[{"id":1241,"href":"https:\/\/www.stpaulsuryenne.fr\/wordpress\/wp-json\/wp\/v2\/posts\/417\/revisions\/1241"}],"wp:attachment":[{"href":"https:\/\/www.stpaulsuryenne.fr\/wordpress\/wp-json\/wp\/v2\/media?parent=417"}],"wp:term":[{"taxonomy":"category","embeddable":true,"href":"https:\/\/www.stpaulsuryenne.fr\/wordpress\/wp-json\/wp\/v2\/categories?post=417"},{"taxonomy":"post_tag","embeddable":true,"href":"https:\/\/www.stpaulsuryenne.fr\/wordpress\/wp-json\/wp\/v2\/tags?post=417"}],"curies":[{"name":"wp","href":"https:\/\/api.w.org\/{rel}","templated":true}]}}