
{"id":2785,"date":"2018-05-30T18:10:47","date_gmt":"2018-05-30T17:10:47","guid":{"rendered":"http:\/\/www.stpaulsuryenne.fr\/wordpress\/?p=2785"},"modified":"2019-08-11T18:34:00","modified_gmt":"2019-08-11T17:34:00","slug":"conseil-du-24-mai","status":"publish","type":"post","link":"https:\/\/www.stpaulsuryenne.fr\/wordpress\/2018\/05\/30\/conseil-du-24-mai\/","title":{"rendered":"Conseil du 24 mai"},"content":{"rendered":"<h5>COMPTE RENDU DU CONSEIL MUNICIPAL DU 25 MAI 2018 \u00e0 19 h 00<\/h5>\n<p>Pr\u00e9sents :<\/p>\n<h4>M<sup>r<\/sup> Pierre SULPICE, M<sup>r<\/sup> Matthieu CAILLARD, M<sup>r<\/sup> Steve HOOGHE, M<sup>r<\/sup> Laurent DEBAY, M<sup>me<\/sup> Fr\u00e9d\u00e9rique GRUFFAT, M<sup>me<\/sup> Laurence BOIRON, M<sup>me<\/sup> Maryline ROSSET&nbsp;; M<sup>r<\/sup> Rapha\u00ebl CHARDONNET, M<sup>r<\/sup> St\u00e9phane MERLIER, M<sup>r<\/sup> Andr\u00e9 DUPERCHY, M<sup>r<\/sup> St\u00e9phane GAMES.<\/h4>\n<p>Secr\u00e9taire de s\u00e9ance<\/p>\n<h4>M<sup>me<\/sup> Fr\u00e9d\u00e9rique GRUFFAT.<\/h4>\n<p>Absents et excus\u00e9s :<\/p>\n<h4>M<sup>me<\/sup> Sabrina FEIGENBLUM, M<sup>r<\/sup> St\u00e9phane LOMBARD, M<sup>me<\/sup> Christiane PERRIAND ayant donn\u00e9 procuration \u00e0 M<sup>me<\/sup> Laurence BOIRON.<\/h4>\n<p>Le conseil valide \u00e0 l\u2019unanimit\u00e9 le compte rendu du conseil municipal du 12 avril.<\/p>\n<h1>I.&nbsp;&nbsp;&nbsp; GROUPEMENT DE COMMANDE POUR LA FOURNITURE DE REPAS EN LIAISON FROIDE AUX RESTAURANTS SCOLAIRES DU CANTON DE YENNE<\/h1>\n<p class=\"western\">Le maire rappelle que la consultation pour la fourniture et la livraison de repas en liaison froide aux restaurants scolaires se fait de mani\u00e8re ind\u00e9pendante entre les diff\u00e9rents groupes scolaires pr\u00e9sents sur le territoire cantonal.<\/p>\n<p class=\"western\">Afin d\u2019optimiser les co\u00fbts de fourniture et de livraison et ainsi homog\u00e9n\u00e9iser la prestation pour l\u2019ensemble du territoire, il est propos\u00e9 la cr\u00e9ation d\u2019un groupement de commande regroupant l\u2019ensemble des groupes scolaires.<\/p>\n<p class=\"western\">Le maire propose d\u2019\u00e9lire un \u00e9lu en tant que repr\u00e9sentant de la commune de Saint Paul sur Yenne.<\/p>\n<p class=\"western\">La commune de Saint Paul sur Yenne propose que la commune de Yenne soit d\u00e9sign\u00e9e coordonnatrice du groupement de commandes.<\/p>\n<p class=\"western\">Le Conseil Municipal, apr\u00e8s en avoir d\u00e9lib\u00e9r\u00e9, vote \u00e0 l\u2019unanimit\u00e9 des membres pr\u00e9sents,<\/p>\n<ul>\n<li><b>Approuve<\/b> la proposition du maire de constitution d\u2019un groupement de commandes pour la fourniture et la livraison de repas en liaison froide aux restaurants scolaires&nbsp;;<\/li>\n<li><b>Approuve<\/b> le projet de groupement de commande&nbsp;;<\/li>\n<li>\n<p align=\"justify\"><b>D\u00e9signe<\/b> M<sup>me<\/sup> Maryline ROSSET titulaire et M<sup>r<\/sup> Andr\u00e9 DUPERCHY suppl\u00e9ant pour \u00eatre repr\u00e9sentants de la commune de Saint Paul sur Yenne&nbsp;;<\/p>\n<\/li>\n<li><b>Autorise<\/b> le maire \u00e0 signer la convention de groupement de commande pour la fourniture et la livraison de de repas en liaison froide aux restaurants scolaires.<\/li>\n<\/ul>\n<h1>II.&nbsp;&nbsp;&nbsp; EXTENSION DU R\u00c9GIME INDEMNITAIRE TENANT COMPTE DES FONCTIONS, DES SUJ\u00c9TIONS, DE L\u2019EXPERTISE ET DE L\u2019ENGAGEMENT PROFESSIONNEL (RIFSEEP) AUX CADRES D\u2019EMPLOIS DES ADJOINTS TECHNIQUES TERRITORIAUX<\/h1>\n<p class=\"western\"><b>Vu<\/b> le Code G\u00e9n\u00e9ral des Collectivit\u00e9s Territoriales&nbsp;;<\/p>\n<p class=\"western\"><b>Vu<\/b> la loi n\u00b0 83-634 du 13 juillet 1983 modifi\u00e9e portant droits et obligations des fonctionnaires, et notamment son article 20&nbsp;;<\/p>\n<p class=\"western\"><b>Vu<\/b> la loi n\u00b0 84-53 du 26 janvier 1984 modifi\u00e9e portant dispositions statutaires relatives \u00e0 la fonction publique territoriale et notamment son article 88&nbsp;;<\/p>\n<p class=\"western\"><b>Vu<\/b> le d\u00e9cret n\u00b0 91-875 du 6 septembre 1991 modifi\u00e9 pris pour l\u2019application du premier alin\u00e9a de l\u2019article 88 de la loi 84-53 du 26 janvier 1984&nbsp;portant dispositions statutaires relatives \u00e0 la fonction publique territoriale&nbsp;;<\/p>\n<p class=\"western\"><b>Vu<\/b> le d\u00e9cret n\u00b0 2014-513 du 20 mai 2014 portant cr\u00e9ation du R\u00e9gime Indemnitaire tenant compte des Fonctions, des Suj\u00e9tions, de l\u2019Expertise et de l\u2019Engagement Professionnel dans la Fonction Publique d\u2019Etat&nbsp;;<\/p>\n<p class=\"western\"><b>Vu<\/b> les d\u00e9crets n\u00b0 2015-661 du 10 juin 2015 et n\u00b0 2016-1916 du 27 d\u00e9cembre 2016 modifiant le d\u00e9cret n\u00b02014-513 du 20 mai 2014 ;<span style=\"color: #000000;\">&nbsp;<\/span><\/p>\n<p class=\"western\"><b>Vu<\/b> l\u2019arr\u00eat\u00e9 du 27 ao\u00fbt 2015 pris en application de l\u2019article 5 du d\u00e9cret n\u00b0 2014-513 du 20 mai 2014&nbsp;;<\/p>\n<p class=\"western\"><b>Vu<\/b> l\u2019arr\u00eat\u00e9 du 27 d\u00e9cembre 2016 pris en application de l&rsquo;article 7 du d\u00e9cret n\u00b0 2014-513 du 20 mai 2014 portant cr\u00e9ation du r\u00e9gime indemnitaire tenant compte des fonctions, des suj\u00e9tions, de l&rsquo;expertise et de l&rsquo;engagement professionnel dans la fonction publique de l&rsquo;\u00c9tat&nbsp;;<\/p>\n<p class=\"western\"><b>Vu<\/b> l\u2019arr\u00eat\u00e9 du 16 juin 2017 pris pour l&rsquo;application aux corps des adjoints techniques de l&rsquo;int\u00e9rieur et de l&rsquo;outre-mer des dispositions du d\u00e9cret n\u00b0 2014-513 du 20 mai 2014&nbsp;;<\/p>\n<p class=\"western\"><b>Vu<\/b> la d\u00e9lib\u00e9ration ant\u00e9rieure n\u00b0 2016-48 en date du 8 d\u00e9cembre 2016 instaurant le RIFSEEP et n\u00b02016-49 de r\u00e9-instauration de l\u2019indemnit\u00e9 d\u2019administration et de technicit\u00e9&nbsp;;<\/p>\n<p class=\"western\"><b>Vu<\/b> l\u2019avis favorable du Comit\u00e9 Technique en date du 3 mai 2018.<\/p>\n<p class=\"western\"><b>Consid\u00e9rant <\/b>que conform\u00e9ment \u00e0 l&rsquo;article 2 du d\u00e9cret n\u00b0 91-875 du 6 septembre 1991 modifi\u00e9, il appartient \u00e0 l&rsquo;assembl\u00e9e d\u00e9lib\u00e9rante de fixer dans les limites pr\u00e9vues par les textes susvis\u00e9s, la nature, les conditions d&rsquo;attribution et le taux moyen des indemnit\u00e9s applicables \u00e0 ses agents&nbsp;;<\/p>\n<p class=\"western\"><b>Consid\u00e9rant<\/b> qu\u2019il y a lieu d\u2019appliquer le RIFSEEP qui a vocation \u00e0 devenir le r\u00e9gime indemnitaire de r\u00e9f\u00e9rence pour les cadres d\u2019emplois \u00e9ligibles&nbsp;;<\/p>\n<p class=\"western\"><b>Consid\u00e9rant<\/b> l\u2019\u00e9ligibilit\u00e9 au RIFSEEP des agents relevant des cadres d\u2019emplois des adjoints techniques territoriaux.<\/p>\n<p>&nbsp;<\/p>\n<p><span style=\"font-size: small;\"><b>Le Maire propose \u00e0 l\u2019assembl\u00e9e d\u00e9lib\u00e9rante d\u2019\u00e9tendre le b\u00e9n\u00e9fice du RIFSEEP des adjoints techniques territoriaux, selon les modalit\u00e9s suivantes&nbsp;:<\/b><\/span><\/p>\n<p><span style=\"font-size: small;\"><b><i>Article 1 &#8211; B\u00e9n\u00e9ficiaires<\/i><\/b><\/span><\/p>\n<table class=\"aligncenter\" style=\"width: 80%;\">\n<tbody>\n<tr>\n<td colspan=\"4\">D\u00e9termination de l&rsquo;IFSE par cadre d&#8217;emplois<\/td>\n<\/tr>\n<tr>\n<td style=\"width: 15em;\">Groupes<\/td>\n<td style=\"width: 15em;\">Emplois concern\u00e9s<\/td>\n<td style=\"width: 35em;\">Montants annuels maximum de l&rsquo;IFSE<br \/>\nAgents non log\u00e9s<\/td>\n<td style=\"width: 35em;\">Montants annuels maximum de l&rsquo;IFSE<br \/>\nAgents log\u00e9s NAS<\/td>\n<tr>\n<td colspan=\"4\">Adjoints techniques<\/td>\n<\/tr>\n<tr>\n<td style=\"width: 15em;\">Groupe 2<\/td>\n<td style=\"width: 15em;\">Agent Technique Polyvalent<\/td>\n<td style=\"width: 35em;\">10\u00a0800 \u20ac<\/td>\n<td style=\"width: 35em;\">Sans objet<\/td>\n<\/tbody>\n<\/table>\n<table class=\"aligncenter\" style=\"width: 80%;\">\n<tbody>\n<tr>\n<td colspan=\"3\">D\u00e9termination du CIA par cadre d&#8217;emplois<\/td>\n<\/tr>\n<tr>\n<td style=\"width: 20em;\">Groupes<\/td>\n<td style=\"width: 45em;\">Emplois concern\u00e9s<\/td>\n<td style=\"width: 35em;\">Montants annuels maximum du CIA<\/td>\n<tr>\n<td colspan=\"3\">Adjoints techniques<\/td>\n<\/tr>\n<tr>\n<td style=\"width: 20em;\">Groupe 2<\/td>\n<td style=\"width: 45em;\">Agent Technique Polyvalent<\/td>\n<td style=\"width: 35em;\">1200 \u20ac<\/td>\n<\/tbody>\n<\/table>\n<p><span style=\"font-size: small;\"><b><i>Article 2 \u2013 Dispositions d\u2019application du RIFSEEP<\/i><\/b><\/span><br \/>\nLes dispositions de la d\u00e9lib\u00e9ration n\u00b0 2016-48 en date du 8 d\u00e9cembre 2016 instaurant le RIFSEEP s\u2019appliquent aux cadres d\u2019emplois mentionn\u00e9s \u00e0 l\u2019article 1.<\/p>\n<p><span style=\"font-size: small;\"><b><i>Article 3 \u2013 Cr\u00e9dits budg\u00e9taires<\/i><\/b><\/span><br \/>\nLes cr\u00e9dits correspondants seront pr\u00e9vus et inscrits au budget chaque ann\u00e9e au chapitre 012.<\/p>\n<p><span style=\"font-size: small;\"><b><i>Article 4 \u2013 Abrogation des d\u00e9lib\u00e9rations ant\u00e9rieures<\/i><\/b><\/span><br \/>\nLa d\u00e9lib\u00e9ration ant\u00e9rieure n\u00b0 2016-49 en date du 8 d\u00e9cembre 2016 est abrog\u00e9e.<\/p>\n<p><span style=\"font-size: small;\"><b><i>Article 5 \u2013 Date d\u2019effet<\/i><\/b><\/span><br \/>\nLes dispositions de la pr\u00e9sente d\u00e9lib\u00e9ration prendront effet d\u00e8s que celle-ci sera rendue ex\u00e9cutoire.<\/p>\n<p>Apr\u00e8s en avoir d\u00e9lib\u00e9r\u00e9, le Conseil d\u00e9cide d\u2019\u00e9tendre le b\u00e9n\u00e9fice du RIFSEEP dans les conditions indiqu\u00e9es ci-dessus.<\/p>\n<p>Vot\u00e9 \u00e0 l\u2019unanimit\u00e9 des membres pr\u00e9sents.<\/p>\n<h1>III.&nbsp;&nbsp;&nbsp; RETRAIT DU MANDAT D\u2019ADJOINT \u00c0 M<sup>r<\/sup> LOMBARD ST\u00c9PHANE<\/h1>\n<p>Vu le Code G\u00e9n\u00e9ral des Collectivit\u00e9s Territoriales\u00a0;<br \/>\nVu l\u2019arr\u00eat\u00e9 du Maire en date du 26 avril 2018 portant retrait de d\u00e9l\u00e9gation.<\/p>\n<p>Suite au retrait le 26 avril 2018 par M<sup>r<\/sup> le Maire de la d\u00e9l\u00e9gation consentie \u00e0 Mr LOMBARD St\u00e9phane, adjoint au maire, par arr\u00eat\u00e9 du 16 mai 2014 dans le domaine de l\u2019urbanisme, le conseil municipal est inform\u00e9 des dispositions de l\u2019article L.2122-18 du Code g\u00e9n\u00e9ral des collectivit\u00e9s territoriales, \u00ab\u00a0lorsque le maire a retir\u00e9 les d\u00e9l\u00e9gations qu\u2019il avait donn\u00e9es \u00e0 un adjoint, le conseil municipal doit se prononcer sur le maintien de celui-ci dans ses fonctions\u00a0\u00bb.<\/p>\n<p>M<sup>r<\/sup> le Maire propose au conseil municipal de se prononcer sur le maintien ou non de M<sup>r<\/sup> LOMBARD St\u00e9phane dans ses fonctions d\u2019adjoint au Maire<\/p>\n<p>Apr\u00e8s en avoir d\u00e9lib\u00e9r\u00e9, le conseil municipal d\u00e9cide \u00e0 l\u2019unanimit\u00e9 des membres pr\u00e9sents, de ne pas maintenir M<sup>r<\/sup> LOMBARD St\u00e9phane dans ses fonctions d\u2019adjoint au Maire.<\/p>\n<h1>IV.&nbsp;&nbsp;&nbsp; PR\u00c9PARATION DE LA R\u00c9UNION PUBLIQUE POUR LA PR\u00c9SENTATION DU PADD<\/h1>\n<p>Le 1<sup>er<\/sup> juin 2018 \u00e0 19h \u00e0 la salle des f\u00eates de Saint Paul aura lieu la pr\u00e9sentation du Projet d\u2019am\u00e9nagement et de D\u00e9veloppement Durable dans le cadre de la r\u00e9vision du Plan Local d\u2019Urbanisme<\/p>\n<h1>V.&nbsp;&nbsp;&nbsp; RECENSEMENT 2019<\/h1>\n<p>Nomination du coordonnateur communal pour le recensement INSEE de 2019.<br \/>\nLe coordonnateur pour la commune sera M<sup>me<\/sup> VIGREUX Ang\u00e9lique, secr\u00e9taire.<\/p>\n<h1>VI.&nbsp;&nbsp;&nbsp; PROPOSITION  D\u2019UN CONCERT \u00c0 L\u2019\u00c9GLISE POUR D\u00c9COUVRIR LES HARMONIUMS<\/h1>\n<p>La F\u00e9d\u00e9ration Fran\u00e7aise des Amis de l\u2019Harmonium propose un concert afin de faire d\u00e9couvrir les harmoniums de l\u2019\u00e9glise saint Paul lors d\u2019un concert le vendredi 14 septembre \u00e0 20h30.<\/p>\n","protected":false},"excerpt":{"rendered":"<p>COMPTE RENDU DU CONSEIL MUNICIPAL DU 25 MAI 2018 \u00e0 19 h 00 Pr\u00e9sents : Mr Pierre SULPICE, Mr Matthieu CAILLARD, Mr Steve HOOGHE, Mr Laurent DEBAY, Mme Fr\u00e9d\u00e9rique GRUFFAT, Mme Laurence BOIRON, Mme Maryline ROSSET&nbsp;; Mr Rapha\u00ebl CHARDONNET, Mr St\u00e9phane MERLIER, Mr Andr\u00e9 DUPERCHY, Mr St\u00e9phane GAMES. Secr\u00e9taire de s\u00e9ance Mme Fr\u00e9d\u00e9rique GRUFFAT. Absents &hellip; <a href=\"https:\/\/www.stpaulsuryenne.fr\/wordpress\/2018\/05\/30\/conseil-du-24-mai\/\" class=\"more-link\">Continuer la lecture de <span class=\"screen-reader-text\">Conseil du 24 mai<\/span> <span class=\"meta-nav\">&rarr;<\/span><\/a><\/p>\n","protected":false},"author":1,"featured_media":0,"comment_status":"closed","ping_status":"open","sticky":false,"template":"","format":"aside","meta":{"ngg_post_thumbnail":0,"footnotes":""},"categories":[28],"tags":[],"class_list":["post-2785","post","type-post","status-publish","format-aside","hentry","category-annee-2018","post_format-post-format-aside"],"_links":{"self":[{"href":"https:\/\/www.stpaulsuryenne.fr\/wordpress\/wp-json\/wp\/v2\/posts\/2785","targetHints":{"allow":["GET"]}}],"collection":[{"href":"https:\/\/www.stpaulsuryenne.fr\/wordpress\/wp-json\/wp\/v2\/posts"}],"about":[{"href":"https:\/\/www.stpaulsuryenne.fr\/wordpress\/wp-json\/wp\/v2\/types\/post"}],"author":[{"embeddable":true,"href":"https:\/\/www.stpaulsuryenne.fr\/wordpress\/wp-json\/wp\/v2\/users\/1"}],"replies":[{"embeddable":true,"href":"https:\/\/www.stpaulsuryenne.fr\/wordpress\/wp-json\/wp\/v2\/comments?post=2785"}],"version-history":[{"count":37,"href":"https:\/\/www.stpaulsuryenne.fr\/wordpress\/wp-json\/wp\/v2\/posts\/2785\/revisions"}],"predecessor-version":[{"id":2868,"href":"https:\/\/www.stpaulsuryenne.fr\/wordpress\/wp-json\/wp\/v2\/posts\/2785\/revisions\/2868"}],"wp:attachment":[{"href":"https:\/\/www.stpaulsuryenne.fr\/wordpress\/wp-json\/wp\/v2\/media?parent=2785"}],"wp:term":[{"taxonomy":"category","embeddable":true,"href":"https:\/\/www.stpaulsuryenne.fr\/wordpress\/wp-json\/wp\/v2\/categories?post=2785"},{"taxonomy":"post_tag","embeddable":true,"href":"https:\/\/www.stpaulsuryenne.fr\/wordpress\/wp-json\/wp\/v2\/tags?post=2785"}],"curies":[{"name":"wp","href":"https:\/\/api.w.org\/{rel}","templated":true}]}}