
{"id":201,"date":"2014-01-31T21:39:52","date_gmt":"2014-01-31T20:39:52","guid":{"rendered":"http:\/\/www.stpaulsuryenne.fr\/wordpress\/?p=201"},"modified":"2016-10-31T22:34:53","modified_gmt":"2016-10-31T21:34:53","slug":"le-recensement","status":"publish","type":"post","link":"https:\/\/www.stpaulsuryenne.fr\/wordpress\/2014\/01\/31\/le-recensement\/","title":{"rendered":"Le recensement"},"content":{"rendered":"<p>&nbsp;<\/p>\n<p><span style=\"font-size: 18pt;\"><em><span style=\"font-family: georgia,palatino,serif;\">Le recensement citoyen obligatoire doit avoir lieu dans les 3 mois qui suivent le 16\u00e8me anniversaire.<\/span><\/em><\/span><\/p>\n<h3>Proc\u00e9dure pour se faire recenser<\/h3>\n<p style=\"padding-left: 30px;\">Les d\u00e9marches peuvent \u00eatre accomplies par le mineur ou l&rsquo;un de ses parents.<\/p>\n<p style=\"padding-left: 30px;\">Le recensement s&rsquo;effectue directement en ligne \u00e0 l&rsquo;adresse suivante\u00a0: <a href=\"https:\/\/mdel.mon.service-public.fr\/recensement-citoyen.html\" target=\"_blank\">https:\/\/mdel.mon.service-public.fr\/recensement-citoyen.html<\/a><\/p>\n<p style=\"padding-left: 30px;\">Il est \u00e9galement possible d&rsquo;effectuer les d\u00e9marches en mairie.<\/p>\n<h3>Documents \u00e0 fournir<\/h3>\n<ul style=\"list-style-type: disc;\">\n<li>Un justificatif d&rsquo;identit\u00e9\n<ul style=\"list-style-type: circle;\">\n<li>Carte nationale d&rsquo;identit\u00e9 fran\u00e7aise en cours de validit\u00e9 (recto-verso) ;<\/li>\n<li>Passeport en cours de validit\u00e9 (image ou photocopie de la double-page o\u00f9 figure votre photo).<\/li>\n<\/ul>\n<\/li>\n<\/ul>\n<ul style=\"list-style-type: disc;\">\n<li>Le livret de famille<\/li>\n<\/ul>\n","protected":false},"excerpt":{"rendered":"<p>&nbsp; Le recensement citoyen obligatoire doit avoir lieu dans les 3 mois qui suivent le 16\u00e8me anniversaire. Proc\u00e9dure pour se faire recenser Les d\u00e9marches peuvent \u00eatre accomplies par le mineur ou l&rsquo;un de ses parents. Le recensement s&rsquo;effectue directement en ligne \u00e0 l&rsquo;adresse suivante\u00a0: https:\/\/mdel.mon.service-public.fr\/recensement-citoyen.html Il est \u00e9galement possible d&rsquo;effectuer les d\u00e9marches en mairie. Documents &hellip; <a href=\"https:\/\/www.stpaulsuryenne.fr\/wordpress\/2014\/01\/31\/le-recensement\/\" class=\"more-link\">Continuer la lecture de <span class=\"screen-reader-text\">Le recensement<\/span> <span class=\"meta-nav\">&rarr;<\/span><\/a><\/p>\n","protected":false},"author":1,"featured_media":0,"comment_status":"closed","ping_status":"closed","sticky":false,"template":"","format":"standard","meta":{"ngg_post_thumbnail":0,"footnotes":""},"categories":[22],"tags":[],"class_list":["post-201","post","type-post","status-publish","format-standard","hentry","category-formalites-administratives"],"_links":{"self":[{"href":"https:\/\/www.stpaulsuryenne.fr\/wordpress\/wp-json\/wp\/v2\/posts\/201","targetHints":{"allow":["GET"]}}],"collection":[{"href":"https:\/\/www.stpaulsuryenne.fr\/wordpress\/wp-json\/wp\/v2\/posts"}],"about":[{"href":"https:\/\/www.stpaulsuryenne.fr\/wordpress\/wp-json\/wp\/v2\/types\/post"}],"author":[{"embeddable":true,"href":"https:\/\/www.stpaulsuryenne.fr\/wordpress\/wp-json\/wp\/v2\/users\/1"}],"replies":[{"embeddable":true,"href":"https:\/\/www.stpaulsuryenne.fr\/wordpress\/wp-json\/wp\/v2\/comments?post=201"}],"version-history":[{"count":11,"href":"https:\/\/www.stpaulsuryenne.fr\/wordpress\/wp-json\/wp\/v2\/posts\/201\/revisions"}],"predecessor-version":[{"id":521,"href":"https:\/\/www.stpaulsuryenne.fr\/wordpress\/wp-json\/wp\/v2\/posts\/201\/revisions\/521"}],"wp:attachment":[{"href":"https:\/\/www.stpaulsuryenne.fr\/wordpress\/wp-json\/wp\/v2\/media?parent=201"}],"wp:term":[{"taxonomy":"category","embeddable":true,"href":"https:\/\/www.stpaulsuryenne.fr\/wordpress\/wp-json\/wp\/v2\/categories?post=201"},{"taxonomy":"post_tag","embeddable":true,"href":"https:\/\/www.stpaulsuryenne.fr\/wordpress\/wp-json\/wp\/v2\/tags?post=201"}],"curies":[{"name":"wp","href":"https:\/\/api.w.org\/{rel}","templated":true}]}}