
{"id":1807,"date":"2017-07-10T07:47:34","date_gmt":"2017-07-10T06:47:34","guid":{"rendered":"http:\/\/www.stpaulsuryenne.fr\/wordpress\/?p=1807"},"modified":"2017-10-22T07:49:50","modified_gmt":"2017-10-22T06:49:50","slug":"conseil-du-22-juin","status":"publish","type":"post","link":"https:\/\/www.stpaulsuryenne.fr\/wordpress\/2017\/07\/10\/conseil-du-22-juin\/","title":{"rendered":"Conseil du 22 juin"},"content":{"rendered":"<h5>COMPTE RENDU DU CONSEIL MUNICIPAL DU\u00a022 JUIN 2017 \u00e0 20 h 00<\/h5>\n<p>Pr\u00e9sents :<\/p>\n<h4>M<sup>r<\/sup> Pierre SULPICE, M<sup>r<\/sup> Matthieu CAILLARD, M<sup>me<\/sup> Maryline ROSSET, M<sup>r<\/sup> Steve HOOGHE, M<sup>me<\/sup> Laurence BOIRON, M<sup>r<\/sup> Rapha\u00ebl CHARDONNET, M<sup>r<\/sup> Andr\u00e9 DUPERCHY, M<sup>r<\/sup> St\u00e9phane GAMES, M<sup>me<\/sup> Fr\u00e9d\u00e9rique GRUFFAT, M<sup>r<\/sup> St\u00e9phane MERLIER, M<sup>me<\/sup> Christiane PERRIAND.<\/h4>\n<p>Secr\u00e9taire de s\u00e9ance :<\/p>\n<h4>M<sup>me<\/sup> Fr\u00e9d\u00e9rique GRUFFAT.<\/h4>\n<p>Absents et excus\u00e9s :<\/p>\n<h4>M<sup>r<\/sup> Laurent DEBAY (procuration \u00e0 M<sup>me<\/sup> Fr\u00e9d\u00e9rique GRUFFAT), M<sup>me<\/sup> Sabrina FEIGENBLUM, M<sup>r<\/sup> St\u00e9phane LOMBARD.<\/h4>\n<p>Le conseil valide le compte rendu pr\u00e9c\u00e9dent.<\/p>\n<h1>\u00a0 I.\u00a0\u00a0\u00a0 Finances communales<\/h1>\n<h2>I.1\u00a0\u00a0\u00a0\u00a0\u00a0\u00a0\u00a0\u00a0\u00a0\u00a0\u00a0 D\u00e9cision modificative N\u00b0 1 sur le budget communal<\/h2>\n<p>Le conseil municipal, \u00e0 l\u2019unanimit\u00e9 des membres pr\u00e9sents, adopte la pr\u00e9sente modification de cr\u00e9dits sur le budget g\u00e9n\u00e9ral :<\/p>\n<p>&nbsp;<\/p>\n<table class=\"tabcenter\" style=\"width:60%;\">\n<tbody>\n<tr>\n<td style=\"width:50%;\">Imputation<\/td>\n<td style=\"width:25%;\">Diminution de cr\u00e9dits<\/td>\n<td style=\"width:25%;\">Augmentation  de cr\u00e9dits<\/td>\n<\/tr>\n<tr>\n<td style=\"text-align: left;\">D 611 : Contrats prestations services<\/td>\n<td>4500<\/td>\n<td><\/td>\n<\/tr>\n<tr>\n<td style=\"text-align: left;\">D 615231 : Voirie<\/td>\n<td>2000<\/td>\n<td><\/td>\n<\/tr>\n<tr>\n<td style=\"text-align: left;\">D 6288 : Autres services ext\u00e9rieurs<\/td>\n<td><\/td>\n<td>4500<\/td>\n<\/tr>\n<tr>\n<td style=\"text-align: left;\">D 739223 : FPIC Fonds national de p\u00e9r\u00e9quation<\/td>\n<td><\/td>\n<td>2000<\/td>\n<\/tr>\n<tr>\n<td style=\"text-align: left;\">D 2111-116 : Am\u00e9nagement du centre<\/td>\n<td><\/td>\n<td>1400<\/td>\n<\/tr>\n<tr>\n<td style=\"text-align: left;\">D 2313-126 : Op\u00e9rations non affect\u00e9es<\/td>\n<td>1400<\/td>\n<td><\/td>\n<\/tr>\n<\/tbody>\n<\/table>\n<h1>II.\u00a0\u00a0\u00a0 Rapport annuel d\u2019assainissement collectif 2016<\/h1>\n<p>Le Conseil Municipal, apr\u00e8s en avoir d\u00e9lib\u00e9r\u00e9, \u00e0 l\u2019unanimit\u00e9 des membres pr\u00e9sents, approuve le rapport annuel 2016 sur le prix et la qualit\u00e9 du service public d\u2019assainissement collectif, conform\u00e9ment au d\u00e9cret n\u00b095-635 du 6 mai 1995.<\/p>\n<h1>III.\u00a0\u00a0\u00a0 Pr\u00e9sentation du d\u00e9roulement de la r\u00e9vision du\u00a0 PLU :<\/h1>\n<p>Le dossier sera repr\u00e9sent\u00e9 ult\u00e9rieurement.<\/p>\n<h1>IV.\u00a0\u00a0\u00a0 Pr\u00e9sentation des travaux\u00a0 d\u2019investissement 2017<\/h1>\n<h2>IV.1\u00a0\u00a0\u00a0\u00a0\u00a0\u00a0 Am\u00e9nagement du parking<\/h2>\n<p>Matthieu CAILLARD pr\u00e9sente le projet d\u2019am\u00e9nagement du parking, le conseil demande \u00e0 ce qu\u2019il y ait du b\u00e9ton d\u00e9sactiv\u00e9 tout autour du b\u00e2timent de la cure.<\/p>\n<h2>IV.2\u00a0\u00a0\u00a0\u00a0\u00a0\u00a0 Extension du local technique<\/h2>\n<p>La commission technique pr\u00e9sente le projet d\u2019extension. Le conseil demande \u00e0 ce que le projet de\u00a0 hangar soit de 10mx10m.<\/p>\n<h2>IV.3\u00a0\u00a0\u00a0\u00a0\u00a0\u00a0 Am\u00e9nagement paysager autour de la salle des f\u00eates<\/h2>\n<p>La r\u00e9union de pr\u00e9sentation du projet par l\u2019architecte paysagiste Anne JOSSE aura lieu le mardi 27 juin \u00e0 19h00.<\/p>\n<h1>V.\u00a0\u00a0\u00a0 Validation du Document Unique<\/h1>\n<p>Le Conseil Municipal \u00e0 l\u2019unanimit\u00e9, apr\u00e8s en avoir d\u00e9lib\u00e9r\u00e9 : Valide le document unique d\u2019\u00e9valuation des risques professionnels\u00a0 et S\u2019engage \u00e0 mettre en \u0153uvre le plan d\u2019actions issues de l\u2019\u00e9valuation et \u00e0 en assurer le suivi, ainsi qu\u2019\u00e0 proc\u00e9der \u00e0 une r\u00e9\u00e9valuation r\u00e9guli\u00e8re du document unique.<\/p>\n<h1>VI.\u00a0\u00a0\u00a0 Questions diverses<\/h1>\n<h2>VI.1\u00a0\u00a0\u00a0\u00a0\u00a0\u00a0 Restauration scolaire et pause m\u00e9ridienne<\/h2>\n<p>Maryline ROSSET informe le conseil du choix du prestataire cantine pour la prochaine rentr\u00e9e. La soci\u00e9t\u00e9 LEZTROY a \u00e9t\u00e9 retenue. Le prix passe de 3,23 \u20ac TTC \u00e0 3,80 \u20ac TTC pour les maternelles, 3,60 \u20ac TTC pour les \u00e9l\u00e9mentaires et 4,22 \u20ac TTC pour les adultes. Il est actuellement factur\u00e9 4 euros aux parents.<\/p>\n<p>Le conseil municipal est inform\u00e9 que la garderie m\u00e9ridienne n\u2019est plus prise en charge par la CCY, et va repr\u00e9senter pour la commune une nouvelle charge financi\u00e8re de environ 1\u20ac\/enfant\/jour.<\/p>\n<p>C\u2019est la raison pour laquelle le\u00a0 conseil d\u00e9cide d\u2019augmenter le prix du repas de cantine et de fixer le prix du repas + garderie de midi \u00e0 : 5 \u20ac TTC.<\/p>\n<p>Les 20mn de gratuit\u00e9 garderie pour les fratries qui fr\u00e9quentent Saint Paul et St Jean de Chevelu seront prises en charge par la mairie.<\/p>\n<h2>VI.2\u00a0\u00a0\u00a0\u00a0\u00a0\u00a0 D\u00e9mat\u00e9rialisation<\/h2>\n<p>Le maire informe le conseil que le Tr\u00e9sor Public a propos\u00e9 \u00e0 la commune la possibilit\u00e9 de d\u00e9mat\u00e9rialiser les Avis des Sommes \u00e0 Payer (titres ASAP) \u00e0 destination des particuliers via une \u00e9dition centralis\u00e9e par les services de la DGFiP \u00e0 Cr\u00e9teil puis d\u2019un envoi par courrier aux usagers. Le conseil refuse et attend de mesurer l\u2019effet de la mise en place du TIPI (Titre payable par internet).<\/p>\n<h2>VI.3\u00a0\u00a0\u00a0\u00a0\u00a0\u00a0 Extension des locaux scolaires<\/h2>\n<p>Le conseil est inform\u00e9 des r\u00e9flexions en cours, y compris avec Saint Jean de Chevelu.<\/p>\n<h2>VI.4\u00a0\u00a0\u00a0\u00a0\u00a0\u00a0 Tour de France<\/h2>\n<p>Le comit\u00e9 des f\u00eates g\u00e9rera l\u2019animation autour du Passage du Tour de France le 09 juillet 2017.<\/p>\n<h2>VI.5\u00a0\u00a0\u00a0\u00a0\u00a0\u00a0 Elections s\u00e9natoriales le 24\/09<\/h2>\n<p>L\u2019\u00e9lection des 3 d\u00e9l\u00e9gu\u00e9s et des 3 suppl\u00e9ants le 30\/06 date obligatoire. Le conseil municipal se r\u00e9unira le 30 juin 2017 \u00e0 17 h 00.<\/p>\n<h2>VI.6\u00a0\u00a0\u00a0\u00a0\u00a0\u00a0 R\u00e9seaux de biblioth\u00e8ques de l&rsquo;APS<\/h2>\n<p>Le conseil donne son accord de principe pour la participation de la biblioth\u00e8que de Saint Paul\u00a0 aux r\u00e9seaux de biblioth\u00e8ques de l&rsquo;APS.<\/p>\n<p>&nbsp;<\/p>\n","protected":false},"excerpt":{"rendered":"<p>COMPTE RENDU DU CONSEIL MUNICIPAL DU\u00a022 JUIN 2017 \u00e0 20 h 00 Pr\u00e9sents : Mr Pierre SULPICE, Mr Matthieu CAILLARD, Mme Maryline ROSSET, Mr Steve HOOGHE, Mme Laurence BOIRON, Mr Rapha\u00ebl CHARDONNET, Mr Andr\u00e9 DUPERCHY, Mr St\u00e9phane GAMES, Mme Fr\u00e9d\u00e9rique GRUFFAT, Mr St\u00e9phane MERLIER, Mme Christiane PERRIAND. Secr\u00e9taire de s\u00e9ance : Mme Fr\u00e9d\u00e9rique GRUFFAT. Absents &hellip; <a href=\"https:\/\/www.stpaulsuryenne.fr\/wordpress\/2017\/07\/10\/conseil-du-22-juin\/\" class=\"more-link\">Continuer la lecture de <span class=\"screen-reader-text\">Conseil du 22 juin<\/span> <span class=\"meta-nav\">&rarr;<\/span><\/a><\/p>\n","protected":false},"author":1,"featured_media":0,"comment_status":"closed","ping_status":"open","sticky":false,"template":"","format":"aside","meta":{"ngg_post_thumbnail":0,"footnotes":""},"categories":[27],"tags":[],"class_list":["post-1807","post","type-post","status-publish","format-aside","hentry","category-annee-2017","post_format-post-format-aside"],"_links":{"self":[{"href":"https:\/\/www.stpaulsuryenne.fr\/wordpress\/wp-json\/wp\/v2\/posts\/1807","targetHints":{"allow":["GET"]}}],"collection":[{"href":"https:\/\/www.stpaulsuryenne.fr\/wordpress\/wp-json\/wp\/v2\/posts"}],"about":[{"href":"https:\/\/www.stpaulsuryenne.fr\/wordpress\/wp-json\/wp\/v2\/types\/post"}],"author":[{"embeddable":true,"href":"https:\/\/www.stpaulsuryenne.fr\/wordpress\/wp-json\/wp\/v2\/users\/1"}],"replies":[{"embeddable":true,"href":"https:\/\/www.stpaulsuryenne.fr\/wordpress\/wp-json\/wp\/v2\/comments?post=1807"}],"version-history":[{"count":25,"href":"https:\/\/www.stpaulsuryenne.fr\/wordpress\/wp-json\/wp\/v2\/posts\/1807\/revisions"}],"predecessor-version":[{"id":1833,"href":"https:\/\/www.stpaulsuryenne.fr\/wordpress\/wp-json\/wp\/v2\/posts\/1807\/revisions\/1833"}],"wp:attachment":[{"href":"https:\/\/www.stpaulsuryenne.fr\/wordpress\/wp-json\/wp\/v2\/media?parent=1807"}],"wp:term":[{"taxonomy":"category","embeddable":true,"href":"https:\/\/www.stpaulsuryenne.fr\/wordpress\/wp-json\/wp\/v2\/categories?post=1807"},{"taxonomy":"post_tag","embeddable":true,"href":"https:\/\/www.stpaulsuryenne.fr\/wordpress\/wp-json\/wp\/v2\/tags?post=1807"}],"curies":[{"name":"wp","href":"https:\/\/api.w.org\/{rel}","templated":true}]}}