
{"id":1517,"date":"2017-01-15T09:24:19","date_gmt":"2017-01-15T08:24:19","guid":{"rendered":"http:\/\/www.stpaulsuryenne.fr\/wordpress\/?p=1517"},"modified":"2017-01-15T09:35:29","modified_gmt":"2017-01-15T08:35:29","slug":"autorisation-de-sortie-du-territoire-pour-les-mineurs","status":"publish","type":"post","link":"https:\/\/www.stpaulsuryenne.fr\/wordpress\/2017\/01\/15\/autorisation-de-sortie-du-territoire-pour-les-mineurs\/","title":{"rendered":"Autorisation de sortie du territoire pour les mineurs"},"content":{"rendered":"<p>La loi du 3 juin 2016 relatif \u00e0 la lutte contre le terrorisme et le d\u00e9cret du 2 novembre 2016 ont r\u00e9tabli l&rsquo;autorisation de sortie de territoire pour les mineurs.<\/p>\n<p>Le d\u00e9cret entre en vigueur le 15 janvier 2017.<\/p>\n<ul>\n<li>Un enfant de parents fran\u00e7ais voyageant \u00e0 l&rsquo;\u00e9tranger sans \u00eatre accompagn\u00e9 de l&rsquo;un de ses parents doit pr\u00e9senter les 3 documents suivants :\n<ul style=\"list-style-type: circle;\">\n<li>Pi\u00e8ce d\u2019identit\u00e9 valide du mineur : carte d&rsquo;identit\u00e9 ou passeport + visa \u00e9ventuel en fonction des exigences du pays de destination (\u00e0 v\u00e9rifier en consultant les <a href=\"http:\/\/www.diplomatie.gouv.fr\/fr\/conseils-aux-voyageurs\/conseils-par-pays\/\" target=\"_blank\">fiches pays du site diplomatie.gouv.fr<\/a> ) ;<\/li>\n<li>Photocopie du titre d&rsquo;identit\u00e9 valide ou p\u00e9rim\u00e9 depuis moins de 5 ans du parent signataire : carte d&rsquo;identit\u00e9 ou passeport ;<\/li>\n<li>Formulaire <a href=\"https:\/\/www.formulaires.modernisation.gouv.fr\/gf\/cerfa_15646.do\" target=\"_blank\">Cerfa 15646*01<\/a> sign\u00e9 par l&rsquo;un des parents titulaire de l&rsquo;autorit\u00e9 parentale.<\/li>\n<\/ul>\n<\/li>\n<\/ul>\n<ul>\n<li>Un enfant de parents \u00e9trangers europ\u00e9ens qui voyage \u00e0 l&rsquo;\u00e9tranger sans \u00eatre accompagn\u00e9 de l&rsquo;un de ses parents europ\u00e9en doit pr\u00e9senter les 3 documents suivants :\n<ul style=\"list-style-type: circle;\">\n<li>Pi\u00e8ce d\u2019identit\u00e9 valide du mineur + visa \u00e9ventuel en fonction des exigences du pays de destination\u00a0;<\/li>\n<li>Photocopie du titre d&rsquo;identit\u00e9 valide du parent signataire : carte d&rsquo;identit\u00e9, passeport ou titre de s\u00e9jour\u00a0;<\/li>\n<li>Formulaire <a href=\"https:\/\/www.formulaires.modernisation.gouv.fr\/gf\/cerfa_15646.do\" target=\"_blank\">Cerfa 15646*01<\/a> sign\u00e9 par l&rsquo;un des parents titulaire de l&rsquo;autorit\u00e9 parentale.<\/li>\n<\/ul>\n<\/li>\n<\/ul>\n<ul>\n<li>\u00a0Un enfant de parents \u00e9trangers d\u2019un pays autre qu\u2019europ\u00e9en qui voyage \u00e0 l&rsquo;\u00e9tranger sans \u00eatre accompagn\u00e9 de l&rsquo;un de ses parents doit pr\u00e9senter les 3 documents suivants :\n<ul style=\"list-style-type: circle;\">\n<li>Pi\u00e8ce d&rsquo;identit\u00e9 valide du mineur + visa \u00e9ventuel en fonction des exigences du pays de destination\u00a0;<\/li>\n<li>Photocopie du titre d&rsquo;identit\u00e9 valide du parent signataire : carte d&rsquo;identit\u00e9, passeport, titre de s\u00e9jour valide ou titre d&rsquo;identit\u00e9 et de voyage pour r\u00e9fugi\u00e9 ou apatride\u00a0;<\/li>\n<li>Formulaire <a href=\"https:\/\/www.formulaires.modernisation.gouv.fr\/gf\/cerfa_15646.do\" target=\"_blank\">Cerfa 15646*01<\/a> sign\u00e9 par l&rsquo;un des parents titulaire de l&rsquo;autorit\u00e9 parentale.<\/li>\n<\/ul>\n<\/li>\n<\/ul>\n<p><span style=\"font-size: 20px;\">Dans tous les cas, l\u2019autorisation n\u2019est plus d\u00e9livr\u00e9e par la mairie, mais est seulement \u00e0 l\u2019initiative des parents (au m\u00eame titre qu\u2019une d\u00e9claration sur l\u2019honneur).<\/span><\/p>\n<p>Pour plus de d\u00e9tails et le t\u00e9l\u00e9chargement des formulaires : <a href=\"https:\/\/www.service-public.fr\/particuliers\/vosdroits\/R46121\" target=\"_blank\">https:\/\/www.service-public.fr\/particuliers\/vosdroits\/R46121<\/a><\/p>\n","protected":false},"excerpt":{"rendered":"<p>La loi du 3 juin 2016 relatif \u00e0 la lutte contre le terrorisme et le d\u00e9cret du 2 novembre 2016 ont r\u00e9tabli l&rsquo;autorisation de sortie de territoire pour les mineurs. Le d\u00e9cret entre en vigueur le 15 janvier 2017. Un enfant de parents fran\u00e7ais voyageant \u00e0 l&rsquo;\u00e9tranger sans \u00eatre accompagn\u00e9 de l&rsquo;un de ses parents &hellip; <a href=\"https:\/\/www.stpaulsuryenne.fr\/wordpress\/2017\/01\/15\/autorisation-de-sortie-du-territoire-pour-les-mineurs\/\" class=\"more-link\">Continuer la lecture de <span class=\"screen-reader-text\">Autorisation de sortie du territoire pour les mineurs<\/span> <span class=\"meta-nav\">&rarr;<\/span><\/a><\/p>\n","protected":false},"author":1,"featured_media":0,"comment_status":"closed","ping_status":"open","sticky":false,"template":"","format":"standard","meta":{"ngg_post_thumbnail":0,"footnotes":""},"categories":[22],"tags":[],"class_list":["post-1517","post","type-post","status-publish","format-standard","hentry","category-formalites-administratives"],"_links":{"self":[{"href":"https:\/\/www.stpaulsuryenne.fr\/wordpress\/wp-json\/wp\/v2\/posts\/1517","targetHints":{"allow":["GET"]}}],"collection":[{"href":"https:\/\/www.stpaulsuryenne.fr\/wordpress\/wp-json\/wp\/v2\/posts"}],"about":[{"href":"https:\/\/www.stpaulsuryenne.fr\/wordpress\/wp-json\/wp\/v2\/types\/post"}],"author":[{"embeddable":true,"href":"https:\/\/www.stpaulsuryenne.fr\/wordpress\/wp-json\/wp\/v2\/users\/1"}],"replies":[{"embeddable":true,"href":"https:\/\/www.stpaulsuryenne.fr\/wordpress\/wp-json\/wp\/v2\/comments?post=1517"}],"version-history":[{"count":29,"href":"https:\/\/www.stpaulsuryenne.fr\/wordpress\/wp-json\/wp\/v2\/posts\/1517\/revisions"}],"predecessor-version":[{"id":1546,"href":"https:\/\/www.stpaulsuryenne.fr\/wordpress\/wp-json\/wp\/v2\/posts\/1517\/revisions\/1546"}],"wp:attachment":[{"href":"https:\/\/www.stpaulsuryenne.fr\/wordpress\/wp-json\/wp\/v2\/media?parent=1517"}],"wp:term":[{"taxonomy":"category","embeddable":true,"href":"https:\/\/www.stpaulsuryenne.fr\/wordpress\/wp-json\/wp\/v2\/categories?post=1517"},{"taxonomy":"post_tag","embeddable":true,"href":"https:\/\/www.stpaulsuryenne.fr\/wordpress\/wp-json\/wp\/v2\/tags?post=1517"}],"curies":[{"name":"wp","href":"https:\/\/api.w.org\/{rel}","templated":true}]}}